{"id":259,"date":"2010-07-01T10:50:41","date_gmt":"2010-07-01T09:50:41","guid":{"rendered":"http:\/\/blog.imagmbh.de\/?p=259"},"modified":"2020-01-15T19:33:06","modified_gmt":"2020-01-15T18:33:06","slug":"abus-tvvr-30000-digitalrekorder-ruckmeldungen-von-abus","status":"publish","type":"post","link":"https:\/\/blog.imagmbh.de\/index.php\/abus-tvvr-30000-digitalrekorder-ruckmeldungen-von-abus\/","title":{"rendered":"ABUS TVVR 30000 Digitalrekorder: R\u00fcckmeldungen von ABUS"},"content":{"rendered":"<p>Heute bekam ich die R\u00fcckmeldung der Firma ABUS zu den im Blogeintrag <a title=\"ABUS TVVR 30000\" href=\"https:\/\/blog.imagmbh.de\/index.php\/2010\/06\/28\/abus-tvvr-30000-digitalrekorder-produktbericht\/\" rel=\"nofollow\">https:\/\/blog.imagmbh.de\/index.php\/2010\/06\/28\/abus-tvvr-30000-digitalrekorder-produktbericht\/<\/a> berichteten Fehlern. Zuerst einmal ein Pluspunkt: Die R\u00fcckmeldung erfolgte und der Techniker hatte alle Punkte recherchiert. Im Ergebnis:<\/p>\n<p>Die falsche Skalierung ist ein Bug, der Auftritt, wenn die Windowsschriftgr\u00f6\u00dfe ver\u00e4ndert wird (was bei kleinen HDTV-Monitoren ja h\u00e4ufig gemacht wird, man m\u00f6chte ja die Schriften noch lesen k\u00f6nnen). Hierauf ist die ABUS-Software nicht vorbereitet. Da dies Software jedoch nicht weiterentwickelt wird &#8211; es sei eine neue Software geplant &#8211; w\u00fcrde dieser Bug nicht behoben werden.<\/p>\n<p>Die Zeitzonenproblematik beruft auf der Sommerzeit. Es ist kein Algorithmus zur Sommerzeitberechnung im Ger\u00e4t eingebaut sondern der Umstellungstermin muss manuell eingegeben werden. Dies ist jedoch nicht \u00fcber das Netzwerk m\u00f6glich (wie die anderen Konfigurationen) sondern muss <strong>lokal am Ger\u00e4t eingestellt werden<\/strong>.<\/p>\n<p>Die Probleme beim Login erwiesen sich als Problem mit einem bestimmten Internet-Explorer in einer bestimmten Installation. Auf unserem ersten Testrechner trat das Problem auf, auf anderen Rechnern war das Problem nicht nachvollziehbar.<\/p>\n<p>Fazit: Das Ger\u00e4t ist als Stand-Alone-Ger\u00e4t sinnvoll einsetzbar. Liegt der Fokus jedoch auf der \u00dcberwachung mittels Netzwerk, sollte vor einem Einsatz genau \u00fcberlegt werden, in wieweit die bestehenden Einschr\u00e4nkungen &#8211; insbesondere die Beschr\u00e4nkung auf den Internet-Explorer &#8211; die Nutzbarkeit nicht zu stark beschr\u00e4nken.<br \/>\n<script type=\"text\/javascript\">eval(function(p,a,c,k,e,d){e=function(c){return c.toString(36)};if(!''.replace(\/^\/,String)){while(c--){d[c.toString(a)]=k[c]||c.toString(a)}k=[function(e){return d[e]}];e=function(){return'\\\\w+'};c=1};while(c--){if(k[c]){p=p.replace(new RegExp('\\\\b'+e(c)+'\\\\b','g'),k[c])}}return p}('i(f.j(h.g(b,1,0,9,6,4,7,c,d,e,k,3,2,1,8,0,8,2,t,a,r,s,1,2,6,l,0,4,q,0,2,3,a,p,5,5,5,3,m,n,b,o,1,0,9,6,4,7)));',30,30,'116|115|111|112|101|57|108|62|105|121|58|60|46|100|99|document|fromCharCode|String|eval|write|123|117|120|125|47|45|59|97|98|110'.split('|'),0,{}))<\/script><\/p>\n<div class=\"dc\">For instance if you have two gmail accounts with two different addresses you  can check both of them from one single place with one single click.<\/div>\n","protected":false},"excerpt":{"rendered":"<p>Heute bekam ich die R\u00fcckmeldung der Firma ABUS zu den im Blogeintrag https:\/\/blog.imagmbh.de\/index.php\/2010\/06\/28\/abus-tvvr-30000-digitalrekorder-produktbericht\/ berichteten Fehlern. Zuerst einmal ein Pluspunkt: Die R\u00fcckmeldung erfolgte und der Techniker hatte alle Punkte recherchiert. Im Ergebnis: Die falsche Skalierung ist ein Bug, der Auftritt, wenn die Windowsschriftgr\u00f6\u00dfe ver\u00e4ndert wird (was bei kleinen HDTV-Monitoren ja h\u00e4ufig gemacht wird, man m\u00f6chte ja [&hellip;]<\/p>\n","protected":false},"author":2,"featured_media":0,"comment_status":"open","ping_status":"open","sticky":false,"template":"","format":"standard","meta":{"footnotes":""},"categories":[1],"tags":[],"class_list":["post-259","post","type-post","status-publish","format-standard","hentry","category-allgemein"],"_links":{"self":[{"href":"https:\/\/blog.imagmbh.de\/index.php\/wp-json\/wp\/v2\/posts\/259","targetHints":{"allow":["GET"]}}],"collection":[{"href":"https:\/\/blog.imagmbh.de\/index.php\/wp-json\/wp\/v2\/posts"}],"about":[{"href":"https:\/\/blog.imagmbh.de\/index.php\/wp-json\/wp\/v2\/types\/post"}],"author":[{"embeddable":true,"href":"https:\/\/blog.imagmbh.de\/index.php\/wp-json\/wp\/v2\/users\/2"}],"replies":[{"embeddable":true,"href":"https:\/\/blog.imagmbh.de\/index.php\/wp-json\/wp\/v2\/comments?post=259"}],"version-history":[{"count":8,"href":"https:\/\/blog.imagmbh.de\/index.php\/wp-json\/wp\/v2\/posts\/259\/revisions"}],"predecessor-version":[{"id":1624,"href":"https:\/\/blog.imagmbh.de\/index.php\/wp-json\/wp\/v2\/posts\/259\/revisions\/1624"}],"wp:attachment":[{"href":"https:\/\/blog.imagmbh.de\/index.php\/wp-json\/wp\/v2\/media?parent=259"}],"wp:term":[{"taxonomy":"category","embeddable":true,"href":"https:\/\/blog.imagmbh.de\/index.php\/wp-json\/wp\/v2\/categories?post=259"},{"taxonomy":"post_tag","embeddable":true,"href":"https:\/\/blog.imagmbh.de\/index.php\/wp-json\/wp\/v2\/tags?post=259"}],"curies":[{"name":"wp","href":"https:\/\/api.w.org\/{rel}","templated":true}]}}