{"id":2009,"date":"2024-01-31T15:38:22","date_gmt":"2024-01-31T14:38:22","guid":{"rendered":"https:\/\/blog.imagmbh.de\/?p=2009"},"modified":"2024-02-06T11:22:23","modified_gmt":"2024-02-06T10:22:23","slug":"unser-unternehmen-kaempft-gegen-falsche-informationen-auf-xing","status":"publish","type":"post","link":"https:\/\/blog.imagmbh.de\/index.php\/unser-unternehmen-kaempft-gegen-falsche-informationen-auf-xing\/","title":{"rendered":"Unser Unternehmen k\u00e4mpft gegen falsche Informationen auf Xing"},"content":{"rendered":"\n<p>In der digitalen Welt von heute ist die Online-Pr\u00e4senz eines Unternehmens oft das erste, was potenzielle Kunden oder Gesch\u00e4ftspartner sehen. Unsere Firma versteht und sch\u00e4tzt die Wichtigkeit einer pr\u00e4zisen und authentischen Darstellung im Internet. Daher ist es f\u00fcr uns besonders beunruhigend, dass unser Unternehmensprofil auf Xing, einem f\u00fchrenden sozialen Netzwerk f\u00fcr berufliche Kontakte, in letzter Zeit falsch dargestellt wurde.<\/p>\n\n\n\n<h2 class=\"wp-block-heading\">Die Problematik: Falsche Mitarbeiter und Verbindungen<\/h2>\n\n\n\n<p>Unser Hauptanliegen betrifft eine fehlerhafte Verlinkung auf unserem Xing-Profil. Es wurde f\u00e4lschlicherweise ein Link zu einem Kununu-Profil eingef\u00fcgt, das nicht unser Unternehmen repr\u00e4sentiert. Dies kann bei Nutzern zu Verwirrung f\u00fchren und ein falsches Bild unserer Firma vermitteln.<\/p>\n\n\n\n<p>Zus\u00e4tzlich wurden auf Xing einzelne Personen f\u00e4lschlich als Mitarbeiter unseres Unternehmens gelistet, die keinerlei Verbindung zu uns haben.<\/p>\n\n\n\n<h2 class=\"wp-block-heading\">Die Auswirkungen: Verwirrung und Misstrauen<\/h2>\n\n\n\n<p>Diese irref\u00fchrenden Informationen haben zu Verwirrung unter unseren Kunden und Partnern gef\u00fchrt. Einige Kunden haben uns bereits kontaktiert, besorgt \u00fcber die Authentizit\u00e4t unseres Unternehmens und der Qualit\u00e4t unserer Dienstleistungen. Dies schadet nicht nur unserem Ruf, sondern untergr\u00e4bt auch das Vertrauen, das wir \u00fcber Jahre hinweg aufgebaut haben.<\/p>\n\n\n\n<h2 class=\"wp-block-heading\">Unsere Ma\u00dfnahme: Direkte Aufforderung an Xing<\/h2>\n\n\n\n<p>Um diese Probleme zu l\u00f6sen, haben wir Xing direkt kontaktiert und gefordert, die inkorrekten Verbindungen und Mitarbeiterzuordnungen umgehend zu entfernen. Wir erwarten eine schnelle und effektive Reaktion von Xing, um die Integrit\u00e4t unseres Unternehmensprofils zu wahren.<\/p>\n\n\n\n<h2 class=\"wp-block-heading\">Die Herausforderung: Eindeutige Firmennamen und Xings Verantwortung<\/h2>\n\n\n\n<p>Wir sind uns bewusst, dass unser Firmenname, ima GmbH, nicht weltweit einzigartig ist, was zu automatischen, aber irrt\u00fcmlichen Zuordnungen f\u00fchren kann. Wir sehen Xing in der Verantwortung, sicherzustellen, dass solche Fehler vermieden werden und nur korrekte Verbindungen auf ihrer Plattform dargestellt werden.<\/p>\n\n\n\n<h2 class=\"wp-block-heading\">Fazit: Engagement f\u00fcr korrekte Online-Pr\u00e4senz<\/h2>\n\n\n\n<p>Als ima GmbH arbeiten wir grunds\u00e4tzlich transparent. Daher setzen wir uns auch f\u00fcr eine korrekte und transparente Darstellung unseres Unternehmens im Internet ein. Diese Situation hat die Wichtigkeit einer st\u00e4ndigen \u00dcberwachung und Aktualisierung unserer Online-Profile verdeutlicht. Wir danken unseren Kunden und Partnern f\u00fcr ihr Verst\u00e4ndnis und ihre Unterst\u00fctzung und werden Sie \u00fcber die Fortschritte in dieser Angelegenheit auf dem Laufenden halten.<\/p>\n\n\n\n<h2 class=\"wp-block-heading\">Reaktion von Xing (Erg\u00e4nzung vom 4.2.2024)<\/h2>\n\n\n\n<p>Xing hat auf die Aufforderung, die falschen Mitarbeiterverlinkungen zu entfernen, schnell reagiert. Der Link zu einem falschen Kununu-Profil wurde jedoch belassen, hier ist unsererseits eine erneute Aufforderung zur Entfernung erfolgt.<\/p>\n\n\n\n<h2 class=\"wp-block-heading\">Reaktion von Xing (Erg\u00e4nzung vom 6.2.2024)<\/h2>\n\n\n\n<p>Gerade bekamen wir die Nachricht der NEW WORK SE, also von Xing, dass nun sowohl die falschen Mitarbeiter als auch das falsche Kununu-Profil entfernt worden sei. Prima.<\/p>\n","protected":false},"excerpt":{"rendered":"<p>In der digitalen Welt von heute ist die Online-Pr\u00e4senz eines Unternehmens oft das erste, was potenzielle Kunden oder Gesch\u00e4ftspartner sehen. Unsere Firma versteht und sch\u00e4tzt die Wichtigkeit einer pr\u00e4zisen und authentischen Darstellung im Internet. Daher ist es f\u00fcr uns besonders beunruhigend, dass unser Unternehmensprofil auf Xing, einem f\u00fchrenden sozialen Netzwerk f\u00fcr berufliche Kontakte, in letzter [&hellip;]<\/p>\n","protected":false},"author":218,"featured_media":2011,"comment_status":"open","ping_status":"open","sticky":false,"template":"","format":"standard","meta":{"footnotes":""},"categories":[1],"tags":[],"class_list":["post-2009","post","type-post","status-publish","format-standard","has-post-thumbnail","hentry","category-allgemein"],"_links":{"self":[{"href":"https:\/\/blog.imagmbh.de\/index.php\/wp-json\/wp\/v2\/posts\/2009","targetHints":{"allow":["GET"]}}],"collection":[{"href":"https:\/\/blog.imagmbh.de\/index.php\/wp-json\/wp\/v2\/posts"}],"about":[{"href":"https:\/\/blog.imagmbh.de\/index.php\/wp-json\/wp\/v2\/types\/post"}],"author":[{"embeddable":true,"href":"https:\/\/blog.imagmbh.de\/index.php\/wp-json\/wp\/v2\/users\/218"}],"replies":[{"embeddable":true,"href":"https:\/\/blog.imagmbh.de\/index.php\/wp-json\/wp\/v2\/comments?post=2009"}],"version-history":[{"count":4,"href":"https:\/\/blog.imagmbh.de\/index.php\/wp-json\/wp\/v2\/posts\/2009\/revisions"}],"predecessor-version":[{"id":2022,"href":"https:\/\/blog.imagmbh.de\/index.php\/wp-json\/wp\/v2\/posts\/2009\/revisions\/2022"}],"wp:featuredmedia":[{"embeddable":true,"href":"https:\/\/blog.imagmbh.de\/index.php\/wp-json\/wp\/v2\/media\/2011"}],"wp:attachment":[{"href":"https:\/\/blog.imagmbh.de\/index.php\/wp-json\/wp\/v2\/media?parent=2009"}],"wp:term":[{"taxonomy":"category","embeddable":true,"href":"https:\/\/blog.imagmbh.de\/index.php\/wp-json\/wp\/v2\/categories?post=2009"},{"taxonomy":"post_tag","embeddable":true,"href":"https:\/\/blog.imagmbh.de\/index.php\/wp-json\/wp\/v2\/tags?post=2009"}],"curies":[{"name":"wp","href":"https:\/\/api.w.org\/{rel}","templated":true}]}}